{"id":607,"date":"2022-04-06T17:16:53","date_gmt":"2022-04-06T20:16:53","guid":{"rendered":"https:\/\/soulinteligenciacriativa.com.br\/?p=607"},"modified":"2022-04-06T20:51:12","modified_gmt":"2022-04-06T23:51:12","slug":"garanta-o-seu-patrimonio","status":"publish","type":"post","link":"https:\/\/soulinteligenciacriativa.com.br\/index.php\/2022\/04\/06\/garanta-o-seu-patrimonio\/","title":{"rendered":"Garanta o seu patrim\u00f4nio!"},"content":{"rendered":"\n<p>Voc\u00ea tem uma empresa? Sabe qual \u00e9 a import\u00e2ncia de Registrar sua Marca? Na perspectiva de Marketing, o conceito de Marca \u00e9 a uni\u00e3o de caracter\u00edsticas intang\u00edveis e tang\u00edveis combinadas a uma identidade. Outro conceito bem conhecido \u00e9 o de Philip Kotler, que a define como sendo a:<\/p>\n\n\n\n<blockquote class=\"wp-block-quote is-layout-flow wp-block-quote-is-layout-flow\"><p>Uni\u00e3o do nome, termo ou s\u00edmbolo, com o intuito de identificar produtos ou servi\u00e7os e se diferenciar dos concorrentes.<\/p><\/blockquote>\n\n\n\n<p>E, a gest\u00e3o da marca, no ambiente corporativo, d\u00e1-se o nome de branding.<\/p>\n\n\n\n<div style=\"height:30px\" aria-hidden=\"true\" class=\"wp-block-spacer\"><\/div>\n\n\n\n<figure class=\"w-richtext-figure-type-image w-richtext-align-fullwidth wp-block-image size-large\"><img loading=\"lazy\" decoding=\"async\" width=\"1024\" height=\"716\" src=\"https:\/\/soulinteligenciacriativa.com.br\/wp-content\/uploads\/2022\/04\/Branding-1-1024x716.jpeg\" alt=\"\" class=\"wp-image-613\" srcset=\"https:\/\/soulinteligenciacriativa.com.br\/wp-content\/uploads\/2022\/04\/Branding-1-1024x716.jpeg 1024w, https:\/\/soulinteligenciacriativa.com.br\/wp-content\/uploads\/2022\/04\/Branding-1-300x210.jpeg 300w, https:\/\/soulinteligenciacriativa.com.br\/wp-content\/uploads\/2022\/04\/Branding-1-768x537.jpeg 768w, https:\/\/soulinteligenciacriativa.com.br\/wp-content\/uploads\/2022\/04\/Branding-1-1536x1074.jpeg 1536w, https:\/\/soulinteligenciacriativa.com.br\/wp-content\/uploads\/2022\/04\/Branding-1-2048x1432.jpeg 2048w\" sizes=\"auto, (max-width: 1024px) 100vw, 1024px\" \/><\/figure>\n\n\n\n<div style=\"height:30px\" aria-hidden=\"true\" class=\"wp-block-spacer\"><\/div>\n\n\n\n<p>Para evitar o pl\u00e1gio, a incorreta associa\u00e7\u00e3o ou outros problemas legais, cada pa\u00eds possui \u00f3rg\u00e3os espec\u00edficos que protegem a propriedade industrial. No Brasil \u00e9 o INPI (Instituto Nacional de Propriedade Industrial) autarquia federal vinculada ao Minist\u00e9rio da Economia, respons\u00e1vel pelo registro e concess\u00e3o de marcas, patentes, transfer\u00eancia de tecnologia, entre outras atribui\u00e7\u00f5es.<\/p>\n\n\n\n<p>A documenta\u00e7\u00e3o garante a prote\u00e7\u00e3o de marcas e ideias.<\/p>\n\n\n\n<p>Marca para o INPI \u00e9:<\/p>\n\n\n\n<blockquote class=\"wp-block-quote is-layout-flow wp-block-quote-is-layout-flow\"><p>Todo sinal distintivo, visualmente percept\u00edvel, que identifica e distingue produtos e servi\u00e7os, bem como certifica a conformidade dos mesmos com determinadas normas ou especifica\u00e7\u00f5es t\u00e9cnicas.<\/p><\/blockquote>\n\n\n\n<p>Juridicamente, \u00e9 importante esclarecer que uma marca n\u00e3o \u00e9 um s\u00edmbolo que representa uma organiza\u00e7\u00e3o, companhia ou empresa, mas a rela\u00e7\u00e3o entre produtos e servi\u00e7os e determinada entidade. Desta forma, para se proteger, a marca deve ser registrada.<\/p>\n\n\n\n<p>Esta \u00e9 a \u00fanica forma de se respaldar contra concorrentes que podem agir de maneira desleal, utilizando meios para confundir o consumidor ao criar um simbolismo semelhante e aproveitando do valor agregado de outra marca.<\/p>\n\n\n\n<p>Legalmente, uma marca se divide em quatro categorias, que s\u00e3o:<\/p>\n\n\n\n<p><strong>Marca Nominativa:<\/strong><\/p>\n\n\n\n<p>Refere-se \u00e0 sua express\u00e3o nominal, em outras palavras, seu nome.<\/p>\n\n\n\n<p><strong>Marca Figurativa:<\/strong><\/p>\n\n\n\n<p>\u00c9 relacionada aos componentes visuais (logotipo), \u00edcone de aplicativo ou mascote, por exemplo.<\/p>\n\n\n\n<p><strong>Marca Mista:<\/strong><\/p>\n\n\n\n<p>A uni\u00e3o entre o texto e a imagem que representam a marca.<\/p>\n\n\n\n<p><strong>Marca Tridimensional:<\/strong><\/p>\n\n\n\n<p>Se refere a forma pl\u00e1stica de uma determinada marca, que s\u00e3o os aspectos f\u00edsicos do produto, por exemplo.<\/p>\n\n\n\n<p>Quer saber o que \u00e9 necess\u00e1rio para registrar uma marca?&nbsp;<a href=\"https:\/\/soulinteligenciacriativa.com.br\/contato\/?utm_source=Site\">Fale conosco<\/a>&nbsp;e vamos te ajudar.<\/p>\n\n\n\n<div style=\"height:30px\" aria-hidden=\"true\" class=\"wp-block-spacer\"><\/div>\n\n\n\n<p><\/p>\n","protected":false},"excerpt":{"rendered":"<p>Voc\u00ea tem uma empresa? Sabe qual \u00e9 a import\u00e2ncia de Registrar sua Marca? Na perspectiva de Marketing, o conceito de Marca \u00e9 a uni\u00e3o de caracter\u00edsticas intang\u00edveis e tang\u00edveis combinadas a uma identidade. Outro conceito bem conhecido \u00e9 o de Philip Kotler, que a define como sendo a: Uni\u00e3o do nome, termo ou s\u00edmbolo, com [&hellip;]<\/p>\n","protected":false},"author":1,"featured_media":609,"comment_status":"open","ping_status":"open","sticky":false,"template":"","format":"standard","meta":{"footnotes":""},"categories":[1],"tags":[],"taxonomy\/categorias":[9],"class_list":["post-607","post","type-post","status-publish","format-standard","has-post-thumbnail","hentry","category-sem-categoria","categorias-identidade-visual"],"_links":{"self":[{"href":"https:\/\/soulinteligenciacriativa.com.br\/index.php\/wp-json\/wp\/v2\/posts\/607","targetHints":{"allow":["GET"]}}],"collection":[{"href":"https:\/\/soulinteligenciacriativa.com.br\/index.php\/wp-json\/wp\/v2\/posts"}],"about":[{"href":"https:\/\/soulinteligenciacriativa.com.br\/index.php\/wp-json\/wp\/v2\/types\/post"}],"author":[{"embeddable":true,"href":"https:\/\/soulinteligenciacriativa.com.br\/index.php\/wp-json\/wp\/v2\/users\/1"}],"replies":[{"embeddable":true,"href":"https:\/\/soulinteligenciacriativa.com.br\/index.php\/wp-json\/wp\/v2\/comments?post=607"}],"version-history":[{"count":5,"href":"https:\/\/soulinteligenciacriativa.com.br\/index.php\/wp-json\/wp\/v2\/posts\/607\/revisions"}],"predecessor-version":[{"id":615,"href":"https:\/\/soulinteligenciacriativa.com.br\/index.php\/wp-json\/wp\/v2\/posts\/607\/revisions\/615"}],"wp:featuredmedia":[{"embeddable":true,"href":"https:\/\/soulinteligenciacriativa.com.br\/index.php\/wp-json\/wp\/v2\/media\/609"}],"wp:attachment":[{"href":"https:\/\/soulinteligenciacriativa.com.br\/index.php\/wp-json\/wp\/v2\/media?parent=607"}],"wp:term":[{"taxonomy":"category","embeddable":true,"href":"https:\/\/soulinteligenciacriativa.com.br\/index.php\/wp-json\/wp\/v2\/categories?post=607"},{"taxonomy":"post_tag","embeddable":true,"href":"https:\/\/soulinteligenciacriativa.com.br\/index.php\/wp-json\/wp\/v2\/tags?post=607"},{"taxonomy":"categorias","embeddable":true,"href":"https:\/\/soulinteligenciacriativa.com.br\/index.php\/wp-json\/wp\/v2\/taxonomy\/categorias?post=607"}],"curies":[{"name":"wp","href":"https:\/\/api.w.org\/{rel}","templated":true}]}}